{"id":368,"date":"2017-11-06T15:12:51","date_gmt":"2017-11-06T15:12:51","guid":{"rendered":"http:\/\/www.brodernacarlssonab.se\/?p=368"},"modified":"2017-11-07T14:12:34","modified_gmt":"2017-11-07T14:12:34","slug":"elmia-subcontractor-14-17-november","status":"publish","type":"post","link":"https:\/\/www.brodernacarlssonab.se\/en\/elmia-subcontractor-14-17-november\/","title":{"rendered":"Elmia Subcontractor 14-17 November"},"content":{"rendered":"<p>Vi finns p\u00e5 monter D03:48 p\u00e5 Elmia Subcontractor mellan den 14-17 November!<\/p>\n<p>Entr\u00e9biljetter:\u00a0<a href=\"https:\/\/www.elmia.se\/subcontractor\/for-besokare\/entrebiljett\/?code=F482725\">https:\/\/www.elmia.se\/subcontractor\/for-besokare\/entrebiljett\/?code=F482725<\/a><\/p>\n<p>L\u00e4s mer p\u00e5:\u00a0<a href=\"https:\/\/www.elmia.se\/subcontractor\/\">https:\/\/www.elmia.se\/subcontractor\/<\/a><\/p>","protected":false},"excerpt":{"rendered":"<p>Vi finns p\u00e5 monter D03:48 p\u00e5 Elmia Subcontractor mellan den 14-17 November! Entr\u00e9biljetter:\u00a0https:\/\/www.elmia.se\/subcontractor\/for-besokare\/entrebiljett\/?code=F482725 L\u00e4s mer p\u00e5:\u00a0https:\/\/www.elmia.se\/subcontractor\/<\/p>","protected":false},"author":1,"featured_media":381,"comment_status":"open","ping_status":"open","sticky":false,"template":"","format":"standard","meta":[],"categories":[1],"tags":[],"yoast_head":"<!-- This site is optimized with the Yoast SEO plugin v20.0 - https:\/\/yoast.com\/wordpress\/plugins\/seo\/ -->\n<title>Elmia Subcontractor 14-17 November - Monter D03:48<\/title>\n<meta name=\"description\" content=\"Vi finns p\u00e5 monter D03:48 p\u00e5 Elmia Subcontractor mellan den 14-17 November! V\u00e4lkommen!\" \/>\n<meta name=\"robots\" content=\"index, follow, max-snippet:-1, max-image-preview:large, max-video-preview:-1\" \/>\n<link rel=\"canonical\" href=\"https:\/\/www.brodernacarlssonab.se\/en\/elmia-subcontractor-14-17-november\/\" \/>\n<meta property=\"og:locale\" content=\"en_GB\" \/>\n<meta property=\"og:type\" content=\"article\" \/>\n<meta property=\"og:title\" content=\"Elmia Subcontractor 14-17 November - Monter D03:48\" \/>\n<meta property=\"og:description\" content=\"Vi finns p\u00e5 monter D03:48 p\u00e5 Elmia Subcontractor mellan den 14-17 November! V\u00e4lkommen!\" \/>\n<meta property=\"og:url\" content=\"https:\/\/www.brodernacarlssonab.se\/en\/elmia-subcontractor-14-17-november\/\" \/>\n<meta property=\"og:site_name\" content=\"Br\u00f6derna Carlsson\" \/>\n<meta property=\"article:published_time\" content=\"2017-11-06T15:12:51+00:00\" \/>\n<meta property=\"article:modified_time\" content=\"2017-11-07T14:12:34+00:00\" \/>\n<meta property=\"og:image\" content=\"https:\/\/www.brodernacarlssonab.se\/wp-content\/uploads\/2017\/11\/Elmia_Subcontractor_2017_sw.jpeg\" \/>\n\t<meta property=\"og:image:width\" content=\"600\" \/>\n\t<meta property=\"og:image:height\" content=\"200\" \/>\n\t<meta property=\"og:image:type\" content=\"image\/jpeg\" \/>\n<meta name=\"author\" content=\"play\" \/>\n<meta name=\"twitter:card\" content=\"summary_large_image\" \/>\n<meta name=\"twitter:label1\" content=\"Written by\" \/>\n\t<meta name=\"twitter:data1\" content=\"play\" \/>\n<script type=\"application\/ld+json\" class=\"yoast-schema-graph\">{\"@context\":\"https:\/\/schema.org\",\"@graph\":[{\"@type\":\"WebPage\",\"@id\":\"https:\/\/www.brodernacarlssonab.se\/elmia-subcontractor-14-17-november\/\",\"url\":\"https:\/\/www.brodernacarlssonab.se\/elmia-subcontractor-14-17-november\/\",\"name\":\"Elmia Subcontractor 14-17 November - Monter D03:48\",\"isPartOf\":{\"@id\":\"https:\/\/www.brodernacarlssonab.se\/#website\"},\"datePublished\":\"2017-11-06T15:12:51+00:00\",\"dateModified\":\"2017-11-07T14:12:34+00:00\",\"author\":{\"@id\":\"https:\/\/www.brodernacarlssonab.se\/#\/schema\/person\/346c322c27352c6fd2e014e55347d0bf\"},\"description\":\"Vi finns p\u00e5 monter D03:48 p\u00e5 Elmia Subcontractor mellan den 14-17 November! V\u00e4lkommen!\",\"breadcrumb\":{\"@id\":\"https:\/\/www.brodernacarlssonab.se\/elmia-subcontractor-14-17-november\/#breadcrumb\"},\"inLanguage\":\"en-GB\",\"potentialAction\":[{\"@type\":\"ReadAction\",\"target\":[\"https:\/\/www.brodernacarlssonab.se\/elmia-subcontractor-14-17-november\/\"]}]},{\"@type\":\"BreadcrumbList\",\"@id\":\"https:\/\/www.brodernacarlssonab.se\/elmia-subcontractor-14-17-november\/#breadcrumb\",\"itemListElement\":[{\"@type\":\"ListItem\",\"position\":1,\"name\":\"Hem\",\"item\":\"https:\/\/www.brodernacarlssonab.se\/\"},{\"@type\":\"ListItem\",\"position\":2,\"name\":\"Elmia Subcontractor 14-17 November\"}]},{\"@type\":\"WebSite\",\"@id\":\"https:\/\/www.brodernacarlssonab.se\/#website\",\"url\":\"https:\/\/www.brodernacarlssonab.se\/\",\"name\":\"Br\u00f6derna Carlsson\",\"description\":\"H\u00f6gteknologiskt hantverk med skicklighet och precision\",\"potentialAction\":[{\"@type\":\"SearchAction\",\"target\":{\"@type\":\"EntryPoint\",\"urlTemplate\":\"https:\/\/www.brodernacarlssonab.se\/?s={search_term_string}\"},\"query-input\":\"required name=search_term_string\"}],\"inLanguage\":\"en-GB\"},{\"@type\":\"Person\",\"@id\":\"https:\/\/www.brodernacarlssonab.se\/#\/schema\/person\/346c322c27352c6fd2e014e55347d0bf\",\"name\":\"play\",\"image\":{\"@type\":\"ImageObject\",\"inLanguage\":\"en-GB\",\"@id\":\"https:\/\/www.brodernacarlssonab.se\/#\/schema\/person\/image\/\",\"url\":\"https:\/\/secure.gravatar.com\/avatar\/8559a0366e26d1898c999ac28603fbc5?s=96&d=mm&r=g\",\"contentUrl\":\"https:\/\/secure.gravatar.com\/avatar\/8559a0366e26d1898c999ac28603fbc5?s=96&d=mm&r=g\",\"caption\":\"play\"},\"url\":\"https:\/\/www.brodernacarlssonab.se\/en\/author\/play\/\"}]}<\/script>\n<!-- \/ Yoast SEO plugin. -->","yoast_head_json":{"title":"Elmia Subcontractor 14-17 November - Monter D03:48","description":"Vi finns p\u00e5 monter D03:48 p\u00e5 Elmia Subcontractor mellan den 14-17 November! V\u00e4lkommen!","robots":{"index":"index","follow":"follow","max-snippet":"max-snippet:-1","max-image-preview":"max-image-preview:large","max-video-preview":"max-video-preview:-1"},"canonical":"https:\/\/www.brodernacarlssonab.se\/en\/elmia-subcontractor-14-17-november\/","og_locale":"en_GB","og_type":"article","og_title":"Elmia Subcontractor 14-17 November - Monter D03:48","og_description":"Vi finns p\u00e5 monter D03:48 p\u00e5 Elmia Subcontractor mellan den 14-17 November! V\u00e4lkommen!","og_url":"https:\/\/www.brodernacarlssonab.se\/en\/elmia-subcontractor-14-17-november\/","og_site_name":"Br\u00f6derna Carlsson","article_published_time":"2017-11-06T15:12:51+00:00","article_modified_time":"2017-11-07T14:12:34+00:00","og_image":[{"width":600,"height":200,"url":"https:\/\/www.brodernacarlssonab.se\/wp-content\/uploads\/2017\/11\/Elmia_Subcontractor_2017_sw.jpeg","type":"image\/jpeg"}],"author":"play","twitter_card":"summary_large_image","twitter_misc":{"Written by":"play"},"schema":{"@context":"https:\/\/schema.org","@graph":[{"@type":"WebPage","@id":"https:\/\/www.brodernacarlssonab.se\/elmia-subcontractor-14-17-november\/","url":"https:\/\/www.brodernacarlssonab.se\/elmia-subcontractor-14-17-november\/","name":"Elmia Subcontractor 14-17 November - Monter D03:48","isPartOf":{"@id":"https:\/\/www.brodernacarlssonab.se\/#website"},"datePublished":"2017-11-06T15:12:51+00:00","dateModified":"2017-11-07T14:12:34+00:00","author":{"@id":"https:\/\/www.brodernacarlssonab.se\/#\/schema\/person\/346c322c27352c6fd2e014e55347d0bf"},"description":"Vi finns p\u00e5 monter D03:48 p\u00e5 Elmia Subcontractor mellan den 14-17 November! V\u00e4lkommen!","breadcrumb":{"@id":"https:\/\/www.brodernacarlssonab.se\/elmia-subcontractor-14-17-november\/#breadcrumb"},"inLanguage":"en-GB","potentialAction":[{"@type":"ReadAction","target":["https:\/\/www.brodernacarlssonab.se\/elmia-subcontractor-14-17-november\/"]}]},{"@type":"BreadcrumbList","@id":"https:\/\/www.brodernacarlssonab.se\/elmia-subcontractor-14-17-november\/#breadcrumb","itemListElement":[{"@type":"ListItem","position":1,"name":"Hem","item":"https:\/\/www.brodernacarlssonab.se\/"},{"@type":"ListItem","position":2,"name":"Elmia Subcontractor 14-17 November"}]},{"@type":"WebSite","@id":"https:\/\/www.brodernacarlssonab.se\/#website","url":"https:\/\/www.brodernacarlssonab.se\/","name":"Br\u00f6derna Carlsson","description":"H\u00f6gteknologiskt hantverk med skicklighet och precision","potentialAction":[{"@type":"SearchAction","target":{"@type":"EntryPoint","urlTemplate":"https:\/\/www.brodernacarlssonab.se\/?s={search_term_string}"},"query-input":"required name=search_term_string"}],"inLanguage":"en-GB"},{"@type":"Person","@id":"https:\/\/www.brodernacarlssonab.se\/#\/schema\/person\/346c322c27352c6fd2e014e55347d0bf","name":"play","image":{"@type":"ImageObject","inLanguage":"en-GB","@id":"https:\/\/www.brodernacarlssonab.se\/#\/schema\/person\/image\/","url":"https:\/\/secure.gravatar.com\/avatar\/8559a0366e26d1898c999ac28603fbc5?s=96&d=mm&r=g","contentUrl":"https:\/\/secure.gravatar.com\/avatar\/8559a0366e26d1898c999ac28603fbc5?s=96&d=mm&r=g","caption":"play"},"url":"https:\/\/www.brodernacarlssonab.se\/en\/author\/play\/"}]}},"_links":{"self":[{"href":"https:\/\/www.brodernacarlssonab.se\/en\/wp-json\/wp\/v2\/posts\/368"}],"collection":[{"href":"https:\/\/www.brodernacarlssonab.se\/en\/wp-json\/wp\/v2\/posts"}],"about":[{"href":"https:\/\/www.brodernacarlssonab.se\/en\/wp-json\/wp\/v2\/types\/post"}],"author":[{"embeddable":true,"href":"https:\/\/www.brodernacarlssonab.se\/en\/wp-json\/wp\/v2\/users\/1"}],"replies":[{"embeddable":true,"href":"https:\/\/www.brodernacarlssonab.se\/en\/wp-json\/wp\/v2\/comments?post=368"}],"version-history":[{"count":7,"href":"https:\/\/www.brodernacarlssonab.se\/en\/wp-json\/wp\/v2\/posts\/368\/revisions"}],"predecessor-version":[{"id":387,"href":"https:\/\/www.brodernacarlssonab.se\/en\/wp-json\/wp\/v2\/posts\/368\/revisions\/387"}],"wp:featuredmedia":[{"embeddable":true,"href":"https:\/\/www.brodernacarlssonab.se\/en\/wp-json\/wp\/v2\/media\/381"}],"wp:attachment":[{"href":"https:\/\/www.brodernacarlssonab.se\/en\/wp-json\/wp\/v2\/media?parent=368"}],"wp:term":[{"taxonomy":"category","embeddable":true,"href":"https:\/\/www.brodernacarlssonab.se\/en\/wp-json\/wp\/v2\/categories?post=368"},{"taxonomy":"post_tag","embeddable":true,"href":"https:\/\/www.brodernacarlssonab.se\/en\/wp-json\/wp\/v2\/tags?post=368"}],"curies":[{"name":"wp","href":"https:\/\/api.w.org\/{rel}","templated":true}]}}